{"id":83710,"date":"2022-09-12T09:36:05","date_gmt":"2022-09-12T09:36:05","guid":{"rendered":"https:\/\/npasyria.com\/en\/?p=83710"},"modified":"2022-09-12T09:36:06","modified_gmt":"2022-09-12T09:36:06","slug":"turkey-based-syrians-organize-caravan-to-europe-fleeing-tough-measures","status":"publish","type":"post","link":"https:\/\/npasyria.com\/en\/83710\/","title":{"rendered":"Turkey-based Syrians organize caravan to Europe fleeing tough measures"},"content":{"rendered":"\n<p class=\"wp-block-paragraph\"><strong>QAMISHLI, Syria (North Press) \u2013 <\/strong>As Turkey is applying &nbsp;tougher measures on Syrian refugees amidst repeated talks of reconciliation with Syrian government, a group of Syrian refugees in Turkey is organizing a caravan with the aim to reach Europe.<\/p>\n\n\n\n<p class=\"wp-block-paragraph\">Six days ago, the group sent messages to followers via Telegram channel, calling on people to bring sleeping bags, tents, life jackets, water, canned food, and first aid kits.<\/p>\n\n\n\n<p class=\"wp-block-paragraph\">The caravan will be divided into groups 50 individuals in each and led by a supervisor, according to organizers.<\/p>\n\n\n\n<p class=\"wp-block-paragraph\">\u201cWe have been in Turkey for 10 years,\u201d read one message posted on the channel by an administrator. \u201cWe are protected &#8230;but Western countries must share the burden,\u201d according to <a href=\"https:\/\/www.jordannews.jo\/Section-20\/Middle-East\/Syrian-refugees-in-Turkey-plan-caravan-to-reach-EU-21732\" target=\"_blank\" rel=\"noreferrer noopener\">Jordan News<\/a>.<\/p>\n\n\n\n<p class=\"wp-block-paragraph\">Syrians, in the first years of the war were welcomed in Turkey; however, recently the Turks have revealed real hatred and racism they bear towards the Syrians.<\/p>\n\n\n\n<p class=\"wp-block-paragraph\">Syrians are being restricted in Turkey \u201ceven though indirectly,\u201d when recently the government issued procedures in \u201cno longer issuing the temporary identity card (Kimlik), defining the place of residence, fixing the address, and that percentage of Syrians in any region should not exceed 20%,\u201d&nbsp; Raja Ahmad, a pseudonym for an Istanbul-based Syrian journalist, had previously told North Press.<\/p>\n\n\n\n<p class=\"wp-block-paragraph\">Turkey \u201cwill say our goodbyes to our Syrian guests and will send them to their homes in two years,\u201d Turkey\u2019s main opposition party, the Republican People\u2019s Party, and its leader, Kemal K\u0131l\u0131\u00e7daro\u011flu <a href=\"https:\/\/themedialine.org\/top-stories\/talk-of-ankara-damascus-rapprochement-driven-mostly-by-domestic-politics-analysts-say\/\">said<\/a> in July.<\/p>\n\n\n\n<p class=\"wp-block-paragraph\">Turkey\u2019s Ministry of Interior in June stated that a total of 781 neighbourhoods throughout 54 provinces will <a href=\"https:\/\/npasyria.com\/en\/79877\/\">be off-limits<\/a> to people from other countries.<\/p>\n\n\n\n<p class=\"wp-block-paragraph\">The Migration Management noted that starting from July 1; the closed neighbourhoods have increased to 1.169 in different Turkish areas.<\/p>\n\n\n\n<p class=\"wp-block-paragraph\">Fear has crippled into the Syrians hearts after Turkish Minister of Foreign Affairs Mevlut Cavusoglu said in a press conference in Ankara on August 16 that \u201creconciliation is essential for a lasting peace in Syria,\u201d in an attempt to appease the Syrian government.<\/p>\n\n\n\n<p class=\"wp-block-paragraph\">Zaynab, 29, a resident of Idlib who resides in Turkey, said that&#8221;Many people around me are preparing to leave for Europe.&#8221;<\/p>\n\n\n\n<p class=\"wp-block-paragraph\">This recalls the experience of 2015, according to Zaynab.<\/p>\n\n\n\n<p class=\"wp-block-paragraph\">In 2016, Turkish President Recep Tayyip Erdogan described his Syrian counterpart as &#8220;tyrant&#8221; and \u201cterrorist\u201d and supported Syrian opposition factions to help them topple the presidents.<\/p>\n\n\n\n<p class=\"wp-block-paragraph\">August 18, after Erdogan\u2019s return from Ukraine, marks the shift in his policy, telling reporters, &#8220;Our problem is not one of defeating or failing to defeat Al-Assad.&#8221;<\/p>\n\n\n\n<p class=\"wp-block-paragraph\">Such a <a href=\"https:\/\/npasyria.com\/en\/83586\/\" target=\"_blank\" rel=\"noreferrer noopener\">policy<\/a> arouses the refugees\u2019 concerns, \u201cnot because they do not want to return to their country, rather it owes to the continuation in power of the ruling regime,\u201d Ghazwan Qurunful, head of the Free Syrian Lawyers Association in Turkey, told North Press.<\/p>\n\n\n\n<p class=\"wp-block-paragraph\">The 40-year-old refugee rights activist from northern Syria Taha Elgazi said, &#8220;We can never trust this regime.&#8221;<\/p>\n\n\n\n<p class=\"wp-block-paragraph\">On May 3, Turkish President Recep Tayyip Erdogan, \u201cWe are preparing a new project for the voluntary return of one million Syrian brothers who are in our country as guests.\u201d<\/p>\n\n\n\n<h3 class=\"wp-block-heading\"><strong>Reporting Saya Muhammad<\/strong><\/h3>\n","protected":false},"excerpt":{"rendered":"<p>QAMISHLI, Syria (North Press) \u2013 As Turkey is applying &nbsp;tougher measures on Syrian refugees amidst repeated talks of reconciliation with Syrian government, a group of Syrian refugees in Turkey is organizing a caravan with the aim to reach Europe. Six days ago, the group sent messages to followers via Telegram channel, calling on people to [&hellip;]<\/p>\n","protected":false},"author":8,"featured_media":79607,"comment_status":"closed","ping_status":"closed","sticky":false,"template":"","format":"standard","meta":{"pgc_sgb_lightbox_settings":"","footnotes":""},"categories":[39,8],"tags":[],"class_list":["post-83710","post","type-post","status-publish","format-standard","has-post-thumbnail","hentry","category-home","category-middle-east"],"yoast_head":"<!-- This site is optimized with the Yoast SEO plugin v28.2 - https:\/\/yoast.com\/product\/yoast-seo-wordpress\/ -->\n<title>Turkey-based Syrians organize caravan to Europe fleeing tough measures<\/title>\n<meta name=\"description\" content=\"QAMISHLI, Syria (North Press) \u2013 As Turkey is applying &nbsp;tougher measures on Syrian refugees amidst repeated talks of reconciliation with Syrian\" \/>\n<meta name=\"robots\" content=\"index, follow, max-snippet:-1, max-image-preview:large, max-video-preview:-1\" \/>\n<link rel=\"canonical\" href=\"https:\/\/npasyria.com\/en\/83710\/\" \/>\n<meta property=\"og:locale\" content=\"en_US\" \/>\n<meta property=\"og:type\" content=\"article\" \/>\n<meta property=\"og:title\" content=\"Turkey-based Syrians organize caravan to Europe fleeing tough measures\" \/>\n<meta property=\"og:description\" content=\"QAMISHLI, Syria (North Press) \u2013 As Turkey is applying &nbsp;tougher measures on Syrian refugees amidst repeated talks of reconciliation with Syrian\" \/>\n<meta property=\"og:url\" content=\"https:\/\/npasyria.com\/en\/83710\/\" \/>\n<meta property=\"og:site_name\" content=\"North press agency\" \/>\n<meta property=\"article:publisher\" content=\"https:\/\/www.facebook.com\/NPA.SYR\/\" \/>\n<meta property=\"article:published_time\" content=\"2022-09-12T09:36:05+00:00\" \/>\n<meta property=\"article:modified_time\" content=\"2022-09-12T09:36:06+00:00\" \/>\n<meta property=\"og:image\" content=\"https:\/\/npasyria.com\/en\/wp-content\/uploads\/2022\/06\/Screenshot-2022-06-27-at-10-08-24-164dd19b-19cd-45fa-8c36-826270b2307e_16x9_1200x676.jpg-\u0635\u0648\u0631\u0629-WEBP\u060c-1138\u00d7640-\u0628\u0643\u0633\u0644.png\" \/>\n\t<meta property=\"og:image:width\" content=\"1422\" \/>\n\t<meta property=\"og:image:height\" content=\"800\" \/>\n\t<meta property=\"og:image:type\" content=\"image\/png\" \/>\n<meta name=\"author\" content=\"publish\" \/>\n<meta name=\"twitter:card\" content=\"summary_large_image\" \/>\n<meta name=\"twitter:creator\" content=\"@NPA_English\" \/>\n<meta name=\"twitter:site\" content=\"@NPA_English\" \/>\n<meta name=\"twitter:label1\" content=\"Written by\" \/>\n\t<meta name=\"twitter:data1\" content=\"publish\" \/>\n\t<meta name=\"twitter:label2\" content=\"Est. reading time\" \/>\n\t<meta name=\"twitter:data2\" content=\"2 minutes\" \/>\n<script type=\"application\/ld+json\" class=\"yoast-schema-graph\">{\"@context\":\"https:\\\/\\\/schema.org\",\"@graph\":[{\"@type\":\"Article\",\"@id\":\"https:\\\/\\\/npasyria.com\\\/en\\\/83710\\\/#article\",\"isPartOf\":{\"@id\":\"https:\\\/\\\/npasyria.com\\\/en\\\/83710\\\/\"},\"author\":{\"name\":\"publish\",\"@id\":\"https:\\\/\\\/npasyria.com\\\/en\\\/#\\\/schema\\\/person\\\/a3878bde0c368aec6b31c38f755807e5\"},\"headline\":\"Turkey-based Syrians organize caravan to Europe fleeing tough measures\",\"datePublished\":\"2022-09-12T09:36:05+00:00\",\"dateModified\":\"2022-09-12T09:36:06+00:00\",\"mainEntityOfPage\":{\"@id\":\"https:\\\/\\\/npasyria.com\\\/en\\\/83710\\\/\"},\"wordCount\":508,\"publisher\":{\"@id\":\"https:\\\/\\\/npasyria.com\\\/en\\\/#organization\"},\"image\":{\"@id\":\"https:\\\/\\\/npasyria.com\\\/en\\\/83710\\\/#primaryimage\"},\"thumbnailUrl\":\"https:\\\/\\\/npasyria.com\\\/en\\\/wp-content\\\/uploads\\\/2022\\\/06\\\/Screenshot-2022-06-27-at-10-08-24-164dd19b-19cd-45fa-8c36-826270b2307e_16x9_1200x676.jpg-\u0635\u0648\u0631\u0629-WEBP\u060c-1138\u00d7640-\u0628\u0643\u0633\u0644.png\",\"articleSection\":[\"HOME\",\"MIDDLE EAST\"],\"inLanguage\":\"en-US\"},{\"@type\":\"WebPage\",\"@id\":\"https:\\\/\\\/npasyria.com\\\/en\\\/83710\\\/\",\"url\":\"https:\\\/\\\/npasyria.com\\\/en\\\/83710\\\/\",\"name\":\"Turkey-based Syrians organize caravan to Europe fleeing tough measures\",\"isPartOf\":{\"@id\":\"https:\\\/\\\/npasyria.com\\\/en\\\/#website\"},\"primaryImageOfPage\":{\"@id\":\"https:\\\/\\\/npasyria.com\\\/en\\\/83710\\\/#primaryimage\"},\"image\":{\"@id\":\"https:\\\/\\\/npasyria.com\\\/en\\\/83710\\\/#primaryimage\"},\"thumbnailUrl\":\"https:\\\/\\\/npasyria.com\\\/en\\\/wp-content\\\/uploads\\\/2022\\\/06\\\/Screenshot-2022-06-27-at-10-08-24-164dd19b-19cd-45fa-8c36-826270b2307e_16x9_1200x676.jpg-\u0635\u0648\u0631\u0629-WEBP\u060c-1138\u00d7640-\u0628\u0643\u0633\u0644.png\",\"datePublished\":\"2022-09-12T09:36:05+00:00\",\"dateModified\":\"2022-09-12T09:36:06+00:00\",\"description\":\"QAMISHLI, Syria (North Press) \u2013 As Turkey is applying &nbsp;tougher measures on Syrian refugees amidst repeated talks of reconciliation with Syrian\",\"breadcrumb\":{\"@id\":\"https:\\\/\\\/npasyria.com\\\/en\\\/83710\\\/#breadcrumb\"},\"inLanguage\":\"en-US\",\"potentialAction\":[{\"@type\":\"ReadAction\",\"target\":[\"https:\\\/\\\/npasyria.com\\\/en\\\/83710\\\/\"]}]},{\"@type\":\"ImageObject\",\"inLanguage\":\"en-US\",\"@id\":\"https:\\\/\\\/npasyria.com\\\/en\\\/83710\\\/#primaryimage\",\"url\":\"https:\\\/\\\/npasyria.com\\\/en\\\/wp-content\\\/uploads\\\/2022\\\/06\\\/Screenshot-2022-06-27-at-10-08-24-164dd19b-19cd-45fa-8c36-826270b2307e_16x9_1200x676.jpg-\u0635\u0648\u0631\u0629-WEBP\u060c-1138\u00d7640-\u0628\u0643\u0633\u0644.png\",\"contentUrl\":\"https:\\\/\\\/npasyria.com\\\/en\\\/wp-content\\\/uploads\\\/2022\\\/06\\\/Screenshot-2022-06-27-at-10-08-24-164dd19b-19cd-45fa-8c36-826270b2307e_16x9_1200x676.jpg-\u0635\u0648\u0631\u0629-WEBP\u060c-1138\u00d7640-\u0628\u0643\u0633\u0644.png\",\"width\":1422,\"height\":800,\"caption\":\"Syrian refugee entering Turkey\"},{\"@type\":\"BreadcrumbList\",\"@id\":\"https:\\\/\\\/npasyria.com\\\/en\\\/83710\\\/#breadcrumb\",\"itemListElement\":[{\"@type\":\"ListItem\",\"position\":1,\"name\":\"Home\",\"item\":\"https:\\\/\\\/npasyria.com\\\/en\\\/\"},{\"@type\":\"ListItem\",\"position\":2,\"name\":\"Turkey-based Syrians organize caravan to Europe fleeing tough measures\"}]},{\"@type\":\"WebSite\",\"@id\":\"https:\\\/\\\/npasyria.com\\\/en\\\/#website\",\"url\":\"https:\\\/\\\/npasyria.com\\\/en\\\/\",\"name\":\"North press agency\",\"description\":\"North press agency\",\"publisher\":{\"@id\":\"https:\\\/\\\/npasyria.com\\\/en\\\/#organization\"},\"potentialAction\":[{\"@type\":\"SearchAction\",\"target\":{\"@type\":\"EntryPoint\",\"urlTemplate\":\"https:\\\/\\\/npasyria.com\\\/en\\\/?s={search_term_string}\"},\"query-input\":{\"@type\":\"PropertyValueSpecification\",\"valueRequired\":true,\"valueName\":\"search_term_string\"}}],\"inLanguage\":\"en-US\"},{\"@type\":\"Organization\",\"@id\":\"https:\\\/\\\/npasyria.com\\\/en\\\/#organization\",\"name\":\"North press agency\",\"url\":\"https:\\\/\\\/npasyria.com\\\/en\\\/\",\"logo\":{\"@type\":\"ImageObject\",\"inLanguage\":\"en-US\",\"@id\":\"https:\\\/\\\/npasyria.com\\\/en\\\/#\\\/schema\\\/logo\\\/image\\\/\",\"url\":\"https:\\\/\\\/npasyria.com\\\/en\\\/wp-content\\\/uploads\\\/2020\\\/08\\\/npasyria.jpg\",\"contentUrl\":\"https:\\\/\\\/npasyria.com\\\/en\\\/wp-content\\\/uploads\\\/2020\\\/08\\\/npasyria.jpg\",\"width\":682,\"height\":388,\"caption\":\"North press agency\"},\"image\":{\"@id\":\"https:\\\/\\\/npasyria.com\\\/en\\\/#\\\/schema\\\/logo\\\/image\\\/\"},\"sameAs\":[\"https:\\\/\\\/www.facebook.com\\\/NPA.SYR\\\/\",\"https:\\\/\\\/x.com\\\/NPA_English\",\"https:\\\/\\\/www.instagram.com\\\/northpressagency\\\/\",\"https:\\\/\\\/www.youtube.com\\\/channel\\\/UCyGMim0bdq_6W-ryV9WI29A\"]},{\"@type\":\"Person\",\"@id\":\"https:\\\/\\\/npasyria.com\\\/en\\\/#\\\/schema\\\/person\\\/a3878bde0c368aec6b31c38f755807e5\",\"name\":\"publish\",\"image\":{\"@type\":\"ImageObject\",\"inLanguage\":\"en-US\",\"@id\":\"https:\\\/\\\/secure.gravatar.com\\\/avatar\\\/302003c22d3515dc5e8ae2f2b4862ce5a2f063ac3423add06dffecf9c8f2e2e6?s=96&d=mm&r=g\",\"url\":\"https:\\\/\\\/secure.gravatar.com\\\/avatar\\\/302003c22d3515dc5e8ae2f2b4862ce5a2f063ac3423add06dffecf9c8f2e2e6?s=96&d=mm&r=g\",\"contentUrl\":\"https:\\\/\\\/secure.gravatar.com\\\/avatar\\\/302003c22d3515dc5e8ae2f2b4862ce5a2f063ac3423add06dffecf9c8f2e2e6?s=96&d=mm&r=g\",\"caption\":\"publish\"},\"url\":\"https:\\\/\\\/npasyria.com\\\/en\\\/author\\\/publish\\\/\"}]}<\/script>\n<!-- \/ Yoast SEO plugin. -->","yoast_head_json":{"title":"Turkey-based Syrians organize caravan to Europe fleeing tough measures","description":"QAMISHLI, Syria (North Press) \u2013 As Turkey is applying &nbsp;tougher measures on Syrian refugees amidst repeated talks of reconciliation with Syrian","robots":{"index":"index","follow":"follow","max-snippet":"max-snippet:-1","max-image-preview":"max-image-preview:large","max-video-preview":"max-video-preview:-1"},"canonical":"https:\/\/npasyria.com\/en\/83710\/","og_locale":"en_US","og_type":"article","og_title":"Turkey-based Syrians organize caravan to Europe fleeing tough measures","og_description":"QAMISHLI, Syria (North Press) \u2013 As Turkey is applying &nbsp;tougher measures on Syrian refugees amidst repeated talks of reconciliation with Syrian","og_url":"https:\/\/npasyria.com\/en\/83710\/","og_site_name":"North press agency","article_publisher":"https:\/\/www.facebook.com\/NPA.SYR\/","article_published_time":"2022-09-12T09:36:05+00:00","article_modified_time":"2022-09-12T09:36:06+00:00","og_image":[{"width":1422,"height":800,"url":"https:\/\/npasyria.com\/en\/wp-content\/uploads\/2022\/06\/Screenshot-2022-06-27-at-10-08-24-164dd19b-19cd-45fa-8c36-826270b2307e_16x9_1200x676.jpg-\u0635\u0648\u0631\u0629-WEBP\u060c-1138\u00d7640-\u0628\u0643\u0633\u0644.png","type":"image\/png"}],"author":"publish","twitter_card":"summary_large_image","twitter_creator":"@NPA_English","twitter_site":"@NPA_English","twitter_misc":{"Written by":"publish","Est. reading time":"2 minutes"},"schema":{"@context":"https:\/\/schema.org","@graph":[{"@type":"Article","@id":"https:\/\/npasyria.com\/en\/83710\/#article","isPartOf":{"@id":"https:\/\/npasyria.com\/en\/83710\/"},"author":{"name":"publish","@id":"https:\/\/npasyria.com\/en\/#\/schema\/person\/a3878bde0c368aec6b31c38f755807e5"},"headline":"Turkey-based Syrians organize caravan to Europe fleeing tough measures","datePublished":"2022-09-12T09:36:05+00:00","dateModified":"2022-09-12T09:36:06+00:00","mainEntityOfPage":{"@id":"https:\/\/npasyria.com\/en\/83710\/"},"wordCount":508,"publisher":{"@id":"https:\/\/npasyria.com\/en\/#organization"},"image":{"@id":"https:\/\/npasyria.com\/en\/83710\/#primaryimage"},"thumbnailUrl":"https:\/\/npasyria.com\/en\/wp-content\/uploads\/2022\/06\/Screenshot-2022-06-27-at-10-08-24-164dd19b-19cd-45fa-8c36-826270b2307e_16x9_1200x676.jpg-\u0635\u0648\u0631\u0629-WEBP\u060c-1138\u00d7640-\u0628\u0643\u0633\u0644.png","articleSection":["HOME","MIDDLE EAST"],"inLanguage":"en-US"},{"@type":"WebPage","@id":"https:\/\/npasyria.com\/en\/83710\/","url":"https:\/\/npasyria.com\/en\/83710\/","name":"Turkey-based Syrians organize caravan to Europe fleeing tough measures","isPartOf":{"@id":"https:\/\/npasyria.com\/en\/#website"},"primaryImageOfPage":{"@id":"https:\/\/npasyria.com\/en\/83710\/#primaryimage"},"image":{"@id":"https:\/\/npasyria.com\/en\/83710\/#primaryimage"},"thumbnailUrl":"https:\/\/npasyria.com\/en\/wp-content\/uploads\/2022\/06\/Screenshot-2022-06-27-at-10-08-24-164dd19b-19cd-45fa-8c36-826270b2307e_16x9_1200x676.jpg-\u0635\u0648\u0631\u0629-WEBP\u060c-1138\u00d7640-\u0628\u0643\u0633\u0644.png","datePublished":"2022-09-12T09:36:05+00:00","dateModified":"2022-09-12T09:36:06+00:00","description":"QAMISHLI, Syria (North Press) \u2013 As Turkey is applying &nbsp;tougher measures on Syrian refugees amidst repeated talks of reconciliation with Syrian","breadcrumb":{"@id":"https:\/\/npasyria.com\/en\/83710\/#breadcrumb"},"inLanguage":"en-US","potentialAction":[{"@type":"ReadAction","target":["https:\/\/npasyria.com\/en\/83710\/"]}]},{"@type":"ImageObject","inLanguage":"en-US","@id":"https:\/\/npasyria.com\/en\/83710\/#primaryimage","url":"https:\/\/npasyria.com\/en\/wp-content\/uploads\/2022\/06\/Screenshot-2022-06-27-at-10-08-24-164dd19b-19cd-45fa-8c36-826270b2307e_16x9_1200x676.jpg-\u0635\u0648\u0631\u0629-WEBP\u060c-1138\u00d7640-\u0628\u0643\u0633\u0644.png","contentUrl":"https:\/\/npasyria.com\/en\/wp-content\/uploads\/2022\/06\/Screenshot-2022-06-27-at-10-08-24-164dd19b-19cd-45fa-8c36-826270b2307e_16x9_1200x676.jpg-\u0635\u0648\u0631\u0629-WEBP\u060c-1138\u00d7640-\u0628\u0643\u0633\u0644.png","width":1422,"height":800,"caption":"Syrian refugee entering Turkey"},{"@type":"BreadcrumbList","@id":"https:\/\/npasyria.com\/en\/83710\/#breadcrumb","itemListElement":[{"@type":"ListItem","position":1,"name":"Home","item":"https:\/\/npasyria.com\/en\/"},{"@type":"ListItem","position":2,"name":"Turkey-based Syrians organize caravan to Europe fleeing tough measures"}]},{"@type":"WebSite","@id":"https:\/\/npasyria.com\/en\/#website","url":"https:\/\/npasyria.com\/en\/","name":"North press agency","description":"North press agency","publisher":{"@id":"https:\/\/npasyria.com\/en\/#organization"},"potentialAction":[{"@type":"SearchAction","target":{"@type":"EntryPoint","urlTemplate":"https:\/\/npasyria.com\/en\/?s={search_term_string}"},"query-input":{"@type":"PropertyValueSpecification","valueRequired":true,"valueName":"search_term_string"}}],"inLanguage":"en-US"},{"@type":"Organization","@id":"https:\/\/npasyria.com\/en\/#organization","name":"North press agency","url":"https:\/\/npasyria.com\/en\/","logo":{"@type":"ImageObject","inLanguage":"en-US","@id":"https:\/\/npasyria.com\/en\/#\/schema\/logo\/image\/","url":"https:\/\/npasyria.com\/en\/wp-content\/uploads\/2020\/08\/npasyria.jpg","contentUrl":"https:\/\/npasyria.com\/en\/wp-content\/uploads\/2020\/08\/npasyria.jpg","width":682,"height":388,"caption":"North press agency"},"image":{"@id":"https:\/\/npasyria.com\/en\/#\/schema\/logo\/image\/"},"sameAs":["https:\/\/www.facebook.com\/NPA.SYR\/","https:\/\/x.com\/NPA_English","https:\/\/www.instagram.com\/northpressagency\/","https:\/\/www.youtube.com\/channel\/UCyGMim0bdq_6W-ryV9WI29A"]},{"@type":"Person","@id":"https:\/\/npasyria.com\/en\/#\/schema\/person\/a3878bde0c368aec6b31c38f755807e5","name":"publish","image":{"@type":"ImageObject","inLanguage":"en-US","@id":"https:\/\/secure.gravatar.com\/avatar\/302003c22d3515dc5e8ae2f2b4862ce5a2f063ac3423add06dffecf9c8f2e2e6?s=96&d=mm&r=g","url":"https:\/\/secure.gravatar.com\/avatar\/302003c22d3515dc5e8ae2f2b4862ce5a2f063ac3423add06dffecf9c8f2e2e6?s=96&d=mm&r=g","contentUrl":"https:\/\/secure.gravatar.com\/avatar\/302003c22d3515dc5e8ae2f2b4862ce5a2f063ac3423add06dffecf9c8f2e2e6?s=96&d=mm&r=g","caption":"publish"},"url":"https:\/\/npasyria.com\/en\/author\/publish\/"}]}},"_links":{"self":[{"href":"https:\/\/npasyria.com\/en\/wp-json\/wp\/v2\/posts\/83710","targetHints":{"allow":["GET"]}}],"collection":[{"href":"https:\/\/npasyria.com\/en\/wp-json\/wp\/v2\/posts"}],"about":[{"href":"https:\/\/npasyria.com\/en\/wp-json\/wp\/v2\/types\/post"}],"author":[{"embeddable":true,"href":"https:\/\/npasyria.com\/en\/wp-json\/wp\/v2\/users\/8"}],"replies":[{"embeddable":true,"href":"https:\/\/npasyria.com\/en\/wp-json\/wp\/v2\/comments?post=83710"}],"version-history":[{"count":1,"href":"https:\/\/npasyria.com\/en\/wp-json\/wp\/v2\/posts\/83710\/revisions"}],"predecessor-version":[{"id":83711,"href":"https:\/\/npasyria.com\/en\/wp-json\/wp\/v2\/posts\/83710\/revisions\/83711"}],"wp:featuredmedia":[{"embeddable":true,"href":"https:\/\/npasyria.com\/en\/wp-json\/wp\/v2\/media\/79607"}],"wp:attachment":[{"href":"https:\/\/npasyria.com\/en\/wp-json\/wp\/v2\/media?parent=83710"}],"wp:term":[{"taxonomy":"category","embeddable":true,"href":"https:\/\/npasyria.com\/en\/wp-json\/wp\/v2\/categories?post=83710"},{"taxonomy":"post_tag","embeddable":true,"href":"https:\/\/npasyria.com\/en\/wp-json\/wp\/v2\/tags?post=83710"}],"curies":[{"name":"wp","href":"https:\/\/api.w.org\/{rel}","templated":true}]}}